{"id":8161,"date":"2019-01-22T11:23:00","date_gmt":"2019-01-22T15:23:00","guid":{"rendered":"http:\/\/192.168.100.45\/?p=8161"},"modified":"2026-03-26T15:19:38","modified_gmt":"2026-03-26T19:19:38","slug":"mensaje-a-los-jovenes","status":"publish","type":"post","link":"https:\/\/www.avec.org.ve\/index.php\/2019\/01\/22\/mensaje-a-los-jovenes\/","title":{"rendered":"MENSAJE A LOS J\u00d3VENES"},"content":{"rendered":"\n<p>Queridos j\u00f3venes:<\/p>\n\n\n\n<p>Desde la Asociaci\u00f3n Venezolana de Educaci\u00f3n Cat\u00f3lica (AVEC), los saludo cordialmente y los invito a celebrar en febrero el \u201cMes de la Juventud Cat\u00f3lica 2019\u201d. El lema de esta celebraci\u00f3n es #VenezuelaSoyYo# En la elaboraci\u00f3n de la propuesta hemos tenido en cuenta el documento final del S\u00ednodo de los J\u00f3venes realizado en octubre 2018, cuyo tema central fue \u201clos j\u00f3venes, la fe y el discernimiento vocacional\u201d, y la realidad venezolana signada por un fen\u00f3meno migratorio sin precedentes en nuestra historia. Trabajamos en RED con Instituciones y Organizaciones con las cuales hemos hecho alianza en b\u00fasqueda del mayor bien posible a cada uno de ustedes en su proceso de formaci\u00f3n integral. Deseamos que la propuesta ilumine una lectura desde la fe de la realidad venezolana, que exige de los j\u00f3venes y de todos los educadores cat\u00f3licos, respuestas prof\u00e9ticas, valientes, esperanzadoras.<\/p>\n\n\n\n<p>El fen\u00f3meno migratorio que estamos padeciendo y la interculturalidad lo abordamos en el primer tema: \u201cMe voy sin irme, me quedo sin quedarme\u201d; quiere ser una reflexi\u00f3n sobre la realidad que est\u00e1n viviendo los j\u00f3venes en nuestro suelo patrio y tambi\u00e9n allende fronteras; ambas realidades preocupan e inquietan nuestro coraz\u00f3n de educadores. El segundo tema: \u201cJuntos e intersectados\u201d plantea caminos para la coexistencia en Venezuela. El tercer tema: \u201cDignidad, poder, servicio\u201d hace una reflexi\u00f3n sobre los derechos del ser que deben ser respetados por el poder entendido y asumido como una oportunidad para el servicio, en pro del desarrollo personal y social, generando relaciones arm\u00f3nicas que garanticen la convivencia. El cuarto tema \u201cInterconectados al mundo digital\u201d, nos invita a encontrarnos con nosotros mismos y con los dem\u00e1s utilizando las herramientas digitales como espacio propicio para el anuncio del Evangelio.<\/p>\n\n\n\n<p>Agradezco a las Organizaciones e Instituciones que trabajaron con AVEC en la elaboraci\u00f3n de esta propuesta: Ashoka, Instituto Hijas de Mar\u00eda Auxiliadora (IMA), Espacio Anna Frank, Asociaci\u00f3n Civil de Escuelas Salesianas (ACES), Centro Gumilla y Santillana. Trabajar en red a favor de los j\u00f3venes nos enriquece y hace m\u00e1s significativos.<\/p>\n\n\n\n<p>En AVEC seguimos confiando en los j\u00f3venes. En ustedes est\u00e1 el amor, la fuerza y la esperanza que nuestra patria necesita ante la realidad de dolor que experimentamos. Como j\u00f3venes est\u00e1n llamados a ser expresi\u00f3n de la caricia, la misericordia, la ternura y el consuelo de Dios que camina y sufre con su pueblo. Est\u00e1n llamados a vivir la GRATUIDAD, donando su vida, su tiempo, sus talentos y capacidades en bien de los otros, de los hermanos, haciendo posible el sentido de pertenencia a la patria, la interculturalidad, la coexistencia, el respeto de los Derechos Humanos y la interconectividad para el anuncio del Evangelio.<\/p>\n\n\n\n<p>Gracias j\u00f3venes, por acoger la propuesta que hacemos. Dios los bendice y acompa\u00f1a.<\/p>\n\n\n\n<figure class=\"wp-block-image\"><img decoding=\"async\" src=\"https:\/\/www.avec.org.ve\/portal\/wp-content\/uploads\/2018\/01\/firma-copia.png\" alt=\"firma\"\/><\/figure>\n\n\n\n<p>Sor Alicia Bosc\u00e1n Guevara, fma<\/p>\n\n\n\n<p>3\u00aa Vicepresidenta de AVEC<\/p>\n\n\n\n<figure class=\"wp-block-image\"><img decoding=\"async\" src=\"https:\/\/www.avec.org.ve\/portal\/wp-content\/uploads\/2019\/01\/tagmp3_ZoPBVFWzMaAy-mp3-image.gif\" alt=\"\"\/><\/figure>\n\n\n\n<figure class=\"wp-block-embed is-type-rich is-provider-gestor-del-servicio wp-block-embed-gestor-del-servicio\"><div class=\"wp-block-embed__wrapper\">\n<audio class=\"wp-audio-shortcode\" id=\"audio-8161-1\" preload=\"none\" style=\"width: 100%;\" controls=\"controls\"><source type=\"audio\/mpeg\" src=\"https:\/\/www.avec.org.ve\/portal\/wp-content\/uploads\/2019\/01\/tagmp3_ZoPBVFWzMaAy.mp3?_=1\" \/><a href=\"https:\/\/www.avec.org.ve\/portal\/wp-content\/uploads\/2019\/01\/tagmp3_ZoPBVFWzMaAy.mp3\">https:\/\/www.avec.org.ve\/portal\/wp-content\/uploads\/2019\/01\/tagmp3_ZoPBVFWzMaAy.mp3<\/a><\/audio>\n<\/div><\/figure>\n","protected":false},"excerpt":{"rendered":"<p>Queridos j\u00f3venes: Desde la Asociaci\u00f3n Venezolana de Educaci\u00f3n Cat\u00f3lica (AVEC), los saludo cordialmente y los invito a celebrar en febrero [&hellip;]<\/p>\n","protected":false},"author":5,"featured_media":8163,"comment_status":"closed","ping_status":"closed","sticky":false,"template":"","format":"aside","meta":{"site-sidebar-layout":"default","site-content-layout":"","ast-site-content-layout":"default","site-content-style":"default","site-sidebar-style":"default","ast-global-header-display":"","ast-banner-title-visibility":"","ast-main-header-display":"","ast-hfb-above-header-display":"","ast-hfb-below-header-display":"","ast-hfb-mobile-header-display":"","site-post-title":"","ast-breadcrumbs-content":"","ast-featured-img":"","footer-sml-layout":"","ast-disable-related-posts":"","theme-transparent-header-meta":"","adv-header-id-meta":"","stick-header-meta":"","header-above-stick-meta":"","header-main-stick-meta":"","header-below-stick-meta":"","astra-migrate-meta-layouts":"set","ast-page-background-enabled":"default","ast-page-background-meta":{"desktop":{"background-color":"var(--ast-global-color-4)","background-image":"","background-repeat":"repeat","background-position":"center center","background-size":"auto","background-attachment":"scroll","background-type":"","background-media":"","overlay-type":"","overlay-color":"","overlay-opacity":"","overlay-gradient":""},"tablet":{"background-color":"","background-image":"","background-repeat":"repeat","background-position":"center center","background-size":"auto","background-attachment":"scroll","background-type":"","background-media":"","overlay-type":"","overlay-color":"","overlay-opacity":"","overlay-gradient":""},"mobile":{"background-color":"","background-image":"","background-repeat":"repeat","background-position":"center center","background-size":"auto","background-attachment":"scroll","background-type":"","background-media":"","overlay-type":"","overlay-color":"","overlay-opacity":"","overlay-gradient":""}},"ast-content-background-meta":{"desktop":{"background-color":"var(--ast-global-color-5)","background-image":"","background-repeat":"repeat","background-position":"center center","background-size":"auto","background-attachment":"scroll","background-type":"","background-media":"","overlay-type":"","overlay-color":"","overlay-opacity":"","overlay-gradient":""},"tablet":{"background-color":"var(--ast-global-color-5)","background-image":"","background-repeat":"repeat","background-position":"center center","background-size":"auto","background-attachment":"scroll","background-type":"","background-media":"","overlay-type":"","overlay-color":"","overlay-opacity":"","overlay-gradient":""},"mobile":{"background-color":"var(--ast-global-color-5)","background-image":"","background-repeat":"repeat","background-position":"center center","background-size":"auto","background-attachment":"scroll","background-type":"","background-media":"","overlay-type":"","overlay-color":"","overlay-opacity":"","overlay-gradient":""}},"footnotes":""},"categories":[8],"tags":[],"class_list":["post-8161","post","type-post","status-publish","format-aside","has-post-thumbnail","hentry","category-noticias","post_format-post-format-aside"],"a3_pvc":{"activated":false,"total_views":59,"today_views":0},"rttpg_featured_image_url":{"full":["https:\/\/www.avec.org.ve\/wp-content\/uploads\/2024\/07\/banner-juventud-890x510-1.jpg",890,510,false],"landscape":["https:\/\/www.avec.org.ve\/wp-content\/uploads\/2024\/07\/banner-juventud-890x510-1.jpg",890,510,false],"portraits":["https:\/\/www.avec.org.ve\/wp-content\/uploads\/2024\/07\/banner-juventud-890x510-1.jpg",890,510,false],"thumbnail":["https:\/\/www.avec.org.ve\/wp-content\/uploads\/2024\/07\/banner-juventud-890x510-1-150x150.jpg",150,150,true],"medium":["https:\/\/www.avec.org.ve\/wp-content\/uploads\/2024\/07\/banner-juventud-890x510-1-300x172.jpg",300,172,true],"large":["https:\/\/www.avec.org.ve\/wp-content\/uploads\/2024\/07\/banner-juventud-890x510-1.jpg",890,510,false],"1536x1536":["https:\/\/www.avec.org.ve\/wp-content\/uploads\/2024\/07\/banner-juventud-890x510-1.jpg",890,510,false],"2048x2048":["https:\/\/www.avec.org.ve\/wp-content\/uploads\/2024\/07\/banner-juventud-890x510-1.jpg",890,510,false],"awb_sm":["https:\/\/www.avec.org.ve\/wp-content\/uploads\/2024\/07\/banner-juventud-890x510-1-500x287.jpg",500,287,true],"awb_md":["https:\/\/www.avec.org.ve\/wp-content\/uploads\/2024\/07\/banner-juventud-890x510-1-800x458.jpg",800,458,true],"awb_lg":["https:\/\/www.avec.org.ve\/wp-content\/uploads\/2024\/07\/banner-juventud-890x510-1.jpg",890,510,false],"awb_xl":["https:\/\/www.avec.org.ve\/wp-content\/uploads\/2024\/07\/banner-juventud-890x510-1.jpg",890,510,false]},"rttpg_author":{"display_name":"comunicaciones AVEC","author_link":"https:\/\/www.avec.org.ve\/index.php\/author\/comunicaciones\/"},"rttpg_comment":0,"rttpg_category":"<a href=\"https:\/\/www.avec.org.ve\/index.php\/category\/noticias-avec\/noticias\/\" rel=\"category tag\">Noticias<\/a>","rttpg_excerpt":"Queridos j\u00f3venes: Desde la Asociaci\u00f3n Venezolana de Educaci\u00f3n Cat\u00f3lica (AVEC), los saludo cordialmente y los invito a celebrar en febrero [&hellip;]","_links":{"self":[{"href":"https:\/\/www.avec.org.ve\/index.php\/wp-json\/wp\/v2\/posts\/8161","targetHints":{"allow":["GET"]}}],"collection":[{"href":"https:\/\/www.avec.org.ve\/index.php\/wp-json\/wp\/v2\/posts"}],"about":[{"href":"https:\/\/www.avec.org.ve\/index.php\/wp-json\/wp\/v2\/types\/post"}],"author":[{"embeddable":true,"href":"https:\/\/www.avec.org.ve\/index.php\/wp-json\/wp\/v2\/users\/5"}],"replies":[{"embeddable":true,"href":"https:\/\/www.avec.org.ve\/index.php\/wp-json\/wp\/v2\/comments?post=8161"}],"version-history":[{"count":1,"href":"https:\/\/www.avec.org.ve\/index.php\/wp-json\/wp\/v2\/posts\/8161\/revisions"}],"predecessor-version":[{"id":8166,"href":"https:\/\/www.avec.org.ve\/index.php\/wp-json\/wp\/v2\/posts\/8161\/revisions\/8166"}],"wp:featuredmedia":[{"embeddable":true,"href":"https:\/\/www.avec.org.ve\/index.php\/wp-json\/wp\/v2\/media\/8163"}],"wp:attachment":[{"href":"https:\/\/www.avec.org.ve\/index.php\/wp-json\/wp\/v2\/media?parent=8161"}],"wp:term":[{"taxonomy":"category","embeddable":true,"href":"https:\/\/www.avec.org.ve\/index.php\/wp-json\/wp\/v2\/categories?post=8161"},{"taxonomy":"post_tag","embeddable":true,"href":"https:\/\/www.avec.org.ve\/index.php\/wp-json\/wp\/v2\/tags?post=8161"}],"curies":[{"name":"wp","href":"https:\/\/api.w.org\/{rel}","templated":true}]}}